{"id":2560,"date":"2019-06-05T08:13:41","date_gmt":"2019-06-05T07:13:41","guid":{"rendered":"http:\/\/castelldeconcabella.cat\/01-06-2019-conferencia-escribir-y-publicar-en-catalan-hoy\/"},"modified":"2023-05-03T09:04:46","modified_gmt":"2023-05-03T08:04:46","slug":"01-06-2019-conferencia-escribir-y-publicar-en-catalan-hoy","status":"publish","type":"post","link":"https:\/\/castelldeconcabella.cat\/es\/01-06-2019-conferencia-escribir-y-publicar-en-catalan-hoy\/","title":{"rendered":"01\/06\/2019 Conferencia &#8220;Escribir y publicar en catal\u00e1n hoy&#8221;"},"content":{"rendered":"<p>[et_pb_section bb_built=&#8221;1&#8243; admin_label=&#8221;CAT-Actividades-t\u00edtulo&#8221; fullwidth=&#8221;on&#8221; _builder_version=&#8221;3.18.2&#8243; custom_margin=&#8221;|||&#8221; saved_tabs=&#8221;all&#8221; next_background_color=&#8221;#000000&#8243;][et_pb_fullwidth_header admin_label=&#8221;CAT-Actividades-t\u00edtulo&#8221; _builder_version=&#8221;3.20.2&#8243; title_text_color=&#8221;#e86434&#8243; background_color=&#8221;#ede9db&#8221; hover_enabled=&#8221;0&#8243; saved_tabs=&#8221;all&#8221; locked=&#8221;off&#8221; title_font_size_last_edited=&#8221;on|desktop&#8221; title_font_size_tablet=&#8221;24px&#8221; custom_padding=&#8221;20px||20px&#8221; custom_padding_last_edited=&#8221;on|desktop&#8221; custom_padding_tablet=&#8221;0px||0px&#8221; title=&#8221;01\/06\/2019 Conferencia &quot;Escribir y publicar en catal\u00e1n hoy&quot;&#8221; \/][\/et_pb_section][et_pb_section bb_built=&#8221;1&#8243; _builder_version=&#8221;3.18.2&#8243; prev_background_color=&#8221;#000000&#8243; next_background_color=&#8221;#000000&#8243;][et_pb_row background_color_2=&#8221;rgba(237,233,219,0.5)&#8221; padding_top_2=&#8221;20px&#8221; padding_right_2=&#8221;20px&#8221; padding_bottom_2=&#8221;20px&#8221; padding_left_2=&#8221;20px&#8221; _builder_version=&#8221;3.18.2&#8243; locked=&#8221;off&#8221;][et_pb_column type=&#8221;1_2&#8243;][et_pb_image _builder_version=&#8221;3.20.2&#8243; src=&#8221;http:\/\/castelldeconcabella.cat\/wp-content\/uploads\/2019\/06\/punsoda-moreta.jpg&#8221; \/][et_pb_button _builder_version=&#8221;3.20.2&#8243; url_new_window=&#8221;on&#8221; \/][\/et_pb_column][et_pb_column type=&#8221;1_2&#8243;][et_pb_text admin_label=&#8221;CAT-Actividades-texto&#8221; _builder_version=&#8221;3.20.2&#8243; saved_tabs=&#8221;all&#8221;]<\/p>\n<p>\nEl castillo de Concabella acogi\u00f3 el pasado s\u00e1bado d\u00eda 1 de junio la conferencia &#8220;Escribir y publicar en catal\u00e1n hoy&#8221; a cargo de Anna Punsoda y Ignasi Moreta. La periodista y escritora, Anna Punsoda es natural de Concabella y por otra parte Ignasi Moreta, adem\u00e1s de profesor universitario es tambi\u00e9n editor.<br \/>\nEl acto estuvo organizado conjuntamente por la asociaci\u00f3n cultural Amigos del Castillo de Concabella y el Ayuntamiento de Plans de Si\u00f3.<\/p>\n<p>[\/et_pb_text][et_pb_code admin_label=&#8221;Bot\u00f3n Tornar&#8221; _builder_version=&#8221;3.20.2&#8243; saved_tabs=&#8221;all&#8221;]<button onclick=\"goBack()\">\u00ab Tornar<\/button><!-- [et_pb_line_break_holder] --><script><!-- [et_pb_line_break_holder] -->function goBack() {<!-- [et_pb_line_break_holder] --> window.history.back();<!-- [et_pb_line_break_holder] -->}<!-- [et_pb_line_break_holder] --><\/script>[\/et_pb_code][\/et_pb_column][\/et_pb_row][\/et_pb_section][et_pb_section bb_built=&#8221;1&#8243; admin_label=&#8221;CAT-Actividades-secci\u00f3n&#8221; _builder_version=&#8221;3.19.14&#8243; saved_tabs=&#8221;all&#8221; custom_margin=&#8221;0px||&#8221; custom_padding=&#8221;0px||&#8221; prev_background_color=&#8221;#000000&#8243; next_background_color=&#8221;#e86434&#8243;][et_pb_row _builder_version=&#8221;3.19.14&#8243;][et_pb_column type=&#8221;4_4&#8243;][et_pb_text _builder_version=&#8221;3.19.14&#8243; text_font=&#8221;Montserrat|700|||||||&#8221; text_text_color=&#8221;#62938f&#8221; text_font_size=&#8221;24px&#8221;]<\/p>\n<p>Noticias<\/p>\n<p>[\/et_pb_text][et_pb_divider _builder_version=&#8221;3.17.6&#8243; \/][\/et_pb_column][\/et_pb_row][et_pb_row _builder_version=&#8221;3.18.2&#8243;][et_pb_column type=&#8221;4_4&#8243;][et_pb_blog _builder_version=&#8221;3.19.17&#8243; posts_number=&#8221;3&#8243; include_categories=&#8221;16&#8243; show_author=&#8221;off&#8221; show_date=&#8221;off&#8221; show_categories=&#8221;off&#8221; show_pagination=&#8221;off&#8221; fullwidth=&#8221;off&#8221; \/][\/et_pb_column][\/et_pb_row][\/et_pb_section][et_pb_section bb_built=&#8221;1&#8243; admin_label=&#8221;CAT-CTA-secci\u00f3n&#8221; prev_background_color=&#8221;#ffffff&#8221; _builder_version=&#8221;3.18.2&#8243; background_color=&#8221;#e86434&#8243; top_divider_style=&#8221;wave2&#8243; saved_tabs=&#8221;all&#8221;][et_pb_row custom_padding=&#8221;20px|||&#8221; padding_top_1=&#8221;20px&#8221; _builder_version=&#8221;3.18.2&#8243;][et_pb_column type=&#8221;4_4&#8243;][et_pb_cta title=&#8221;Castillo de Concabella&#8221; button_url=&#8221;https:\/\/castelldeconcabella.cat\/es\/contacto\/&#8221; button_text=&#8221;\u00a1Reserva una visita!&#8221; _builder_version=&#8221;3.19.14&#8243; header_font_size=&#8221;32&#8243; body_font_size=&#8221;16&#8243; use_background_color=&#8221;off&#8221; custom_button=&#8221;on&#8221; button_icon=&#8221;%%202%%&#8221; button_on_hover=&#8221;off&#8221; link_option_url=&#8221;https:\/\/castelldeconcabella.cat\/es\/contacto\/&#8221;]<\/p>\n<p>una puerta para descubrir la Segarra<\/p>\n<p>[\/et_pb_cta][\/et_pb_column][\/et_pb_row][\/et_pb_section]<\/p>\n","protected":false},"excerpt":{"rendered":"<p>El castillo de Concabella acogi\u00f3 el pasado s\u00e1bado d\u00eda 1 de junio la conferencia &#8220;Escribir y publicar en catal\u00e1n hoy&#8221; a cargo de Anna Punsoda y Ignasi Moreta. La periodista y escritora, Anna Punsoda es natural de Concabella y por otra parte Ignasi Moreta, adem\u00e1s de profesor universitario es tambi\u00e9n editor. El acto estuvo organizado [&hellip;]<\/p>\n","protected":false},"author":4,"featured_media":2553,"comment_status":"closed","ping_status":"closed","sticky":false,"template":"","format":"standard","meta":{"_et_pb_use_builder":"on","_et_pb_old_content":"","_et_gb_content_width":"","footnotes":""},"categories":[26],"tags":[],"_links":{"self":[{"href":"https:\/\/castelldeconcabella.cat\/es\/wp-json\/wp\/v2\/posts\/2560"}],"collection":[{"href":"https:\/\/castelldeconcabella.cat\/es\/wp-json\/wp\/v2\/posts"}],"about":[{"href":"https:\/\/castelldeconcabella.cat\/es\/wp-json\/wp\/v2\/types\/post"}],"author":[{"embeddable":true,"href":"https:\/\/castelldeconcabella.cat\/es\/wp-json\/wp\/v2\/users\/4"}],"replies":[{"embeddable":true,"href":"https:\/\/castelldeconcabella.cat\/es\/wp-json\/wp\/v2\/comments?post=2560"}],"version-history":[{"count":4,"href":"https:\/\/castelldeconcabella.cat\/es\/wp-json\/wp\/v2\/posts\/2560\/revisions"}],"predecessor-version":[{"id":3641,"href":"https:\/\/castelldeconcabella.cat\/es\/wp-json\/wp\/v2\/posts\/2560\/revisions\/3641"}],"wp:featuredmedia":[{"embeddable":true,"href":"https:\/\/castelldeconcabella.cat\/es\/wp-json\/wp\/v2\/media\/2553"}],"wp:attachment":[{"href":"https:\/\/castelldeconcabella.cat\/es\/wp-json\/wp\/v2\/media?parent=2560"}],"wp:term":[{"taxonomy":"category","embeddable":true,"href":"https:\/\/castelldeconcabella.cat\/es\/wp-json\/wp\/v2\/categories?post=2560"},{"taxonomy":"post_tag","embeddable":true,"href":"https:\/\/castelldeconcabella.cat\/es\/wp-json\/wp\/v2\/tags?post=2560"}],"curies":[{"name":"wp","href":"https:\/\/api.w.org\/{rel}","templated":true}]}}