{"id":4000,"date":"2023-07-10T20:59:36","date_gmt":"2023-07-10T19:59:36","guid":{"rendered":"https:\/\/castelldeconcabella.cat\/7-7-2023-francesc-duch-gana-la-18a-edicion-del-premi-7lletres\/"},"modified":"2023-07-10T20:59:36","modified_gmt":"2023-07-10T19:59:36","slug":"7-7-2023-francesc-duch-gana-la-18a-edicion-del-premi-7lletres","status":"publish","type":"post","link":"https:\/\/castelldeconcabella.cat\/es\/7-7-2023-francesc-duch-gana-la-18a-edicion-del-premi-7lletres\/","title":{"rendered":"7\/7\/2023 Francesc Duch gana la 18\u00aa edici\u00f3n del Premi 7lletres"},"content":{"rendered":"<p>[et_pb_section fb_built=&#8221;1&#8243; fullwidth=&#8221;on&#8221; admin_label=&#8221;CAT-Actividades-t\u00edtulo&#8221; _builder_version=&#8221;4.16&#8243; custom_margin=&#8221;|||&#8221; saved_tabs=&#8221;all&#8221; global_colors_info=&#8221;{}&#8221;][et_pb_fullwidth_header title=&#8221;7\/7\/2023 Francesc Duch gana la 18\u00aa edici\u00f3n del Premi 7lletres&#8221; admin_label=&#8221;CAT-Actividades-t\u00edtulo&#8221; _builder_version=&#8221;4.21.0&#8243; title_text_color=&#8221;#e86434&#8243; background_color=&#8221;#ede9db&#8221; custom_padding=&#8221;20px||20px&#8221; custom_padding_tablet=&#8221;0px||0px&#8221; custom_padding_phone=&#8221;&#8221; custom_padding_last_edited=&#8221;on|desktop&#8221; title_font_size_tablet=&#8221;24px&#8221; title_font_size_phone=&#8221;&#8221; title_font_size_last_edited=&#8221;on|desktop&#8221; z_index_tablet=&#8221;500&#8243; title_text_shadow_horizontal_length_tablet=&#8221;0px&#8221; title_text_shadow_vertical_length_tablet=&#8221;0px&#8221; title_text_shadow_blur_strength_tablet=&#8221;1px&#8221; content_text_shadow_horizontal_length_tablet=&#8221;0px&#8221; content_text_shadow_vertical_length_tablet=&#8221;0px&#8221; content_text_shadow_blur_strength_tablet=&#8221;1px&#8221; subhead_text_shadow_horizontal_length_tablet=&#8221;0px&#8221; subhead_text_shadow_vertical_length_tablet=&#8221;0px&#8221; subhead_text_shadow_blur_strength_tablet=&#8221;1px&#8221; content_link_text_shadow_horizontal_length_tablet=&#8221;0px&#8221; content_link_text_shadow_vertical_length_tablet=&#8221;0px&#8221; content_link_text_shadow_blur_strength_tablet=&#8221;1px&#8221; content_ul_text_shadow_horizontal_length_tablet=&#8221;0px&#8221; content_ul_text_shadow_vertical_length_tablet=&#8221;0px&#8221; content_ul_text_shadow_blur_strength_tablet=&#8221;1px&#8221; content_ol_text_shadow_horizontal_length_tablet=&#8221;0px&#8221; content_ol_text_shadow_vertical_length_tablet=&#8221;0px&#8221; content_ol_text_shadow_blur_strength_tablet=&#8221;1px&#8221; content_quote_text_shadow_horizontal_length_tablet=&#8221;0px&#8221; content_quote_text_shadow_vertical_length_tablet=&#8221;0px&#8221; content_quote_text_shadow_blur_strength_tablet=&#8221;1px&#8221; button_one_text_shadow_horizontal_length_tablet=&#8221;0px&#8221; button_one_text_shadow_vertical_length_tablet=&#8221;0px&#8221; button_one_text_shadow_blur_strength_tablet=&#8221;1px&#8221; button_two_text_shadow_horizontal_length_tablet=&#8221;0px&#8221; button_two_text_shadow_vertical_length_tablet=&#8221;0px&#8221; button_two_text_shadow_blur_strength_tablet=&#8221;1px&#8221; box_shadow_horizontal_tablet=&#8221;0px&#8221; box_shadow_vertical_tablet=&#8221;0px&#8221; box_shadow_blur_tablet=&#8221;40px&#8221; box_shadow_spread_tablet=&#8221;0px&#8221; box_shadow_horizontal_image_tablet=&#8221;0px&#8221; box_shadow_vertical_image_tablet=&#8221;0px&#8221; box_shadow_blur_image_tablet=&#8221;40px&#8221; box_shadow_spread_image_tablet=&#8221;0px&#8221; box_shadow_horizontal_button_one_tablet=&#8221;0px&#8221; box_shadow_vertical_button_one_tablet=&#8221;0px&#8221; box_shadow_blur_button_one_tablet=&#8221;40px&#8221; box_shadow_spread_button_one_tablet=&#8221;0px&#8221; box_shadow_horizontal_button_two_tablet=&#8221;0px&#8221; box_shadow_vertical_button_two_tablet=&#8221;0px&#8221; box_shadow_blur_button_two_tablet=&#8221;40px&#8221; box_shadow_spread_button_two_tablet=&#8221;0px&#8221; text_shadow_horizontal_length_tablet=&#8221;0px&#8221; text_shadow_vertical_length_tablet=&#8221;0px&#8221; text_shadow_blur_strength_tablet=&#8221;1px&#8221; saved_tabs=&#8221;all&#8221; locked=&#8221;off&#8221; global_colors_info=&#8221;{}&#8221;][\/et_pb_fullwidth_header][\/et_pb_section][et_pb_section fb_built=&#8221;1&#8243; _builder_version=&#8221;4.16&#8243; global_colors_info=&#8221;{}&#8221;][et_pb_row column_structure=&#8221;1_2,1_2&#8243; _builder_version=&#8221;4.16&#8243; locked=&#8221;off&#8221; global_colors_info=&#8221;{}&#8221;][et_pb_column type=&#8221;1_2&#8243; _builder_version=&#8221;4.16&#8243; custom_padding=&#8221;|||&#8221; global_colors_info=&#8221;{}&#8221; custom_padding__hover=&#8221;|||&#8221;][et_pb_image src=&#8221;https:\/\/castelldeconcabella.cat\/wp-content\/uploads\/2023\/07\/1688856639770-1-1.jpg&#8221; alt=&#8221;XVIII 7lletres&#8221; title_text=&#8221;1688856639770 (1) (1)&#8221; align_tablet=&#8221;center&#8221; align_phone=&#8221;&#8221; align_last_edited=&#8221;on|desktop&#8221; _builder_version=&#8221;4.21.0&#8243; z_index_tablet=&#8221;500&#8243; box_shadow_horizontal_tablet=&#8221;0px&#8221; box_shadow_vertical_tablet=&#8221;0px&#8221; box_shadow_blur_tablet=&#8221;40px&#8221; box_shadow_spread_tablet=&#8221;0px&#8221; global_colors_info=&#8221;{}&#8221;][\/et_pb_image][\/et_pb_column][et_pb_column type=&#8221;1_2&#8243; _builder_version=&#8221;4.16&#8243; background_color=&#8221;rgba(237,233,219,0.5)&#8221; custom_padding=&#8221;20px|20px|20px|20px&#8221; global_colors_info=&#8221;{}&#8221; custom_padding__hover=&#8221;|||&#8221;][et_pb_text admin_label=&#8221;CAT-Actividades-texto&#8221; _builder_version=&#8221;4.21.0&#8243; hover_enabled=&#8221;0&#8243; z_index_tablet=&#8221;500&#8243; text_text_shadow_horizontal_length_tablet=&#8221;0px&#8221; text_text_shadow_vertical_length_tablet=&#8221;0px&#8221; text_text_shadow_blur_strength_tablet=&#8221;1px&#8221; link_text_shadow_horizontal_length_tablet=&#8221;0px&#8221; link_text_shadow_vertical_length_tablet=&#8221;0px&#8221; link_text_shadow_blur_strength_tablet=&#8221;1px&#8221; ul_text_shadow_horizontal_length_tablet=&#8221;0px&#8221; ul_text_shadow_vertical_length_tablet=&#8221;0px&#8221; ul_text_shadow_blur_strength_tablet=&#8221;1px&#8221; ol_text_shadow_horizontal_length_tablet=&#8221;0px&#8221; ol_text_shadow_vertical_length_tablet=&#8221;0px&#8221; ol_text_shadow_blur_strength_tablet=&#8221;1px&#8221; quote_text_shadow_horizontal_length_tablet=&#8221;0px&#8221; quote_text_shadow_vertical_length_tablet=&#8221;0px&#8221; quote_text_shadow_blur_strength_tablet=&#8221;1px&#8221; header_text_shadow_horizontal_length_tablet=&#8221;0px&#8221; header_text_shadow_vertical_length_tablet=&#8221;0px&#8221; header_text_shadow_blur_strength_tablet=&#8221;1px&#8221; header_2_text_shadow_horizontal_length_tablet=&#8221;0px&#8221; header_2_text_shadow_vertical_length_tablet=&#8221;0px&#8221; header_2_text_shadow_blur_strength_tablet=&#8221;1px&#8221; header_3_text_shadow_horizontal_length_tablet=&#8221;0px&#8221; header_3_text_shadow_vertical_length_tablet=&#8221;0px&#8221; header_3_text_shadow_blur_strength_tablet=&#8221;1px&#8221; header_4_text_shadow_horizontal_length_tablet=&#8221;0px&#8221; header_4_text_shadow_vertical_length_tablet=&#8221;0px&#8221; header_4_text_shadow_blur_strength_tablet=&#8221;1px&#8221; header_5_text_shadow_horizontal_length_tablet=&#8221;0px&#8221; header_5_text_shadow_vertical_length_tablet=&#8221;0px&#8221; header_5_text_shadow_blur_strength_tablet=&#8221;1px&#8221; header_6_text_shadow_horizontal_length_tablet=&#8221;0px&#8221; header_6_text_shadow_vertical_length_tablet=&#8221;0px&#8221; header_6_text_shadow_blur_strength_tablet=&#8221;1px&#8221; box_shadow_horizontal_tablet=&#8221;0px&#8221; box_shadow_vertical_tablet=&#8221;0px&#8221; box_shadow_blur_tablet=&#8221;40px&#8221; box_shadow_spread_tablet=&#8221;0px&#8221; saved_tabs=&#8221;all&#8221; global_colors_info=&#8221;{}&#8221; sticky_enabled=&#8221;0&#8243;]<\/p>\n<p>Francesc Duch Casanova gana la 18\u00aa edici\u00f3n del Premi 7lletres con <em>El futur que vol\u00edem<\/em> y se convierte en el primer autor que obtiene el premio por segunda vez.<\/p>\n<p>Los 7 relatos que forman parte de <em>El futur que vol\u00edem<\/em>, seg\u00fan el jurado, est\u00e1n escritos con una \u201cprosa quir\u00fargica y un ritmo turbulento\u201d. \u201cDestacan por la originalidad de los puntos de vista: ni\u00f1as maltratadas, adolescentes ociosos, adultos autocomplacientes&#8230; Atrapan al lector y le trasladan a los escenarios m\u00e1s diversos, contagi\u00e1ndole el ambiente del relato y el estado de \u00e1nimo de sus protagonistas.\u201d<\/p>\n<p>Francesc Duch Casanova (Girona, 1987) es escritor, diplomado en fisioterapia y posee un posgrado en coaching de la salud. Ha realizado cursos de escritura y an\u00e1lisis de guion en la escuela Showrunners de Barcelona. Ha vivido y trabajado en Par\u00eds y en Montreal. Adem\u00e1s de relatos publicados en libros de autor\u00eda colectiva, ha publicado <em>Altres mares<\/em> (Pag\u00e8s Editors, 2019), ganador del XIII Premi 7lletres, y <em>El vol de l\u2019Al\u00edcia i altres contes<\/em> (Viena Edicions, 2021), galardonado con el 30\u00ba Premio Ciutat de Badalona de Narrativa y 34\u00ba Premi Pa\u00efsos Catalans-Solstici d&#8217;Estiu. <em>Joana<\/em> es su primera novela, galardonada con el XXXIX Premi de Narrativa de la Ribera d&#8217;Ebre.<\/p>\n<p>En la edici\u00f3n de este a\u00f1o, la decimoctava, se han recibido un total de 17 ejemplares. El jurado ha estado formado por J\u00falia Ojeda, Emili Bayo, Xavier Vidal, Josep Maria Rodr\u00edguez y Anna Punsoda. El premio, editado por Pag\u00e8s Editors, tiene una dotaci\u00f3n econ\u00f3mica de 7.000 euros, lo que le convierte en el mejor dotado de la demarcaci\u00f3n de Lleida.<\/p>\n<p><strong>El Castell de Concabella ha acogido el viernes 7 de julio el acto de entrega del premio literario<\/strong>, que ha contado con la presencia de la consejera de Cultura de la Generalitat de Catalunya, Nat\u00e0lia Garriga. Presentado por la periodista Magda Gregori, ha sido amenizado por la cantautora Meritxell Gen\u00e9 y el guitarrista Txabi Abrego. La secretaria del jurado, Anna Punsoda, ha mantenido una breve conversaci\u00f3n con el ganador en torno a los 7 relatos que integran\u00a0<em>El futur que vol\u00edem<\/em>.<\/p>\n<p>7lletres. El premi literari i m\u00e9s coses es una iniciativa del Consell Comarcal de la Segarra y de los ayuntamientos de Cervera, T\u00e0rrega y Els Plans de Si\u00f3. Y cuenta con el mecenazgo de Prefabricats Pujol y Pag\u00e8s Editors.<\/p>\n<p>Foto: Miquel Traveria<\/p>\n<p>[\/et_pb_text][et_pb_code admin_label=&#8221;Bot\u00f3n Tornar&#8221; _builder_version=&#8221;4.16&#8243; saved_tabs=&#8221;all&#8221; global_colors_info=&#8221;{}&#8221;]<button onclick=\"goBack()\">\u00ab Tornar<\/button><!-- [et_pb_line_break_holder] --><script><!-- [et_pb_line_break_holder] -->function goBack() {<!-- [et_pb_line_break_holder] --> window.history.back();<!-- [et_pb_line_break_holder] -->}<!-- [et_pb_line_break_holder] --><\/script>[\/et_pb_code][\/et_pb_column][\/et_pb_row][\/et_pb_section][et_pb_section fb_built=&#8221;1&#8243; admin_label=&#8221;CAT-Actividades-secci\u00f3n&#8221; _builder_version=&#8221;4.16&#8243; custom_margin=&#8221;0px||&#8221; custom_padding=&#8221;0px||&#8221; saved_tabs=&#8221;all&#8221; global_colors_info=&#8221;{}&#8221;][et_pb_row _builder_version=&#8221;4.16&#8243; global_colors_info=&#8221;{}&#8221;][et_pb_column type=&#8221;4_4&#8243; _builder_version=&#8221;4.16&#8243; custom_padding=&#8221;|||&#8221; global_colors_info=&#8221;{}&#8221; custom_padding__hover=&#8221;|||&#8221;][et_pb_text _builder_version=&#8221;4.16&#8243; text_font=&#8221;Montserrat|700|||||||&#8221; text_text_color=&#8221;#62938f&#8221; text_font_size=&#8221;24px&#8221; global_colors_info=&#8221;{}&#8221;]<\/p>\n<p>Not\u00edcies<\/p>\n<p>[\/et_pb_text][et_pb_divider _builder_version=&#8221;4.16&#8243; global_colors_info=&#8221;{}&#8221;][\/et_pb_divider][\/et_pb_column][\/et_pb_row][et_pb_row _builder_version=&#8221;4.16&#8243; global_colors_info=&#8221;{}&#8221;][et_pb_column type=&#8221;4_4&#8243; _builder_version=&#8221;4.16&#8243; custom_padding=&#8221;|||&#8221; global_colors_info=&#8221;{}&#8221; custom_padding__hover=&#8221;|||&#8221;][et_pb_blog fullwidth=&#8221;off&#8221; posts_number=&#8221;3&#8243; include_categories=&#8221;16&#8243; show_author=&#8221;off&#8221; show_date=&#8221;off&#8221; show_categories=&#8221;off&#8221; show_pagination=&#8221;off&#8221; _builder_version=&#8221;4.16&#8243; global_colors_info=&#8221;{}&#8221;][\/et_pb_blog][\/et_pb_column][\/et_pb_row][\/et_pb_section][et_pb_section fb_built=&#8221;1&#8243; prev_background_color=&#8221;#ffffff&#8221; admin_label=&#8221;CAT-CTA-secci\u00f3n&#8221; _builder_version=&#8221;4.16&#8243; background_color=&#8221;#e86434&#8243; top_divider_style=&#8221;wave2&#8243; saved_tabs=&#8221;all&#8221; global_colors_info=&#8221;{}&#8221;][et_pb_row _builder_version=&#8221;4.16&#8243; custom_padding=&#8221;20px|||&#8221; global_colors_info=&#8221;{}&#8221;][et_pb_column type=&#8221;4_4&#8243; _builder_version=&#8221;4.16&#8243; custom_padding=&#8221;20px|||&#8221; global_colors_info=&#8221;{}&#8221; custom_padding__hover=&#8221;|||&#8221;][et_pb_cta title=&#8221;Castell de Concabella&#8221; button_url=&#8221;https:\/\/castelldeconcabella.cat\/es\/contacto\/&#8221; button_text=&#8221;\u00a1Reserva una visita!&#8221; _builder_version=&#8221;4.16&#8243; header_font_size=&#8221;32&#8243; body_font_size=&#8221;16&#8243; use_background_color=&#8221;off&#8221; custom_button=&#8221;on&#8221; button_icon=&#8221;&#xe052;||divi||400&#8243; button_on_hover=&#8221;off&#8221; link_option_url=&#8221;https:\/\/castelldeconcabella.cat\/es\/contacto\/&#8221; global_colors_info=&#8221;{}&#8221;]<\/p>\n<p>una porta per descobrir la Segarra<\/p>\n<p>[\/et_pb_cta][\/et_pb_column][\/et_pb_row][\/et_pb_section]<\/p>\n","protected":false},"excerpt":{"rendered":"<p>Francesc Duch Casanova gana la 18\u00aa edici\u00f3n del Premi 7lletres con El futur que vol\u00edem y se convierte en el primer autor que obtiene el premio por segunda vez. Los 7 relatos que forman parte de El futur que vol\u00edem, seg\u00fan el jurado, est\u00e1n escritos con una \u201cprosa quir\u00fargica y un ritmo turbulento\u201d. \u201cDestacan por [&hellip;]<\/p>\n","protected":false},"author":4,"featured_media":3996,"comment_status":"closed","ping_status":"closed","sticky":false,"template":"","format":"standard","meta":{"_et_pb_use_builder":"on","_et_pb_old_content":"","_et_gb_content_width":"","footnotes":""},"categories":[26,1],"tags":[],"_links":{"self":[{"href":"https:\/\/castelldeconcabella.cat\/es\/wp-json\/wp\/v2\/posts\/4000"}],"collection":[{"href":"https:\/\/castelldeconcabella.cat\/es\/wp-json\/wp\/v2\/posts"}],"about":[{"href":"https:\/\/castelldeconcabella.cat\/es\/wp-json\/wp\/v2\/types\/post"}],"author":[{"embeddable":true,"href":"https:\/\/castelldeconcabella.cat\/es\/wp-json\/wp\/v2\/users\/4"}],"replies":[{"embeddable":true,"href":"https:\/\/castelldeconcabella.cat\/es\/wp-json\/wp\/v2\/comments?post=4000"}],"version-history":[{"count":2,"href":"https:\/\/castelldeconcabella.cat\/es\/wp-json\/wp\/v2\/posts\/4000\/revisions"}],"predecessor-version":[{"id":4002,"href":"https:\/\/castelldeconcabella.cat\/es\/wp-json\/wp\/v2\/posts\/4000\/revisions\/4002"}],"wp:featuredmedia":[{"embeddable":true,"href":"https:\/\/castelldeconcabella.cat\/es\/wp-json\/wp\/v2\/media\/3996"}],"wp:attachment":[{"href":"https:\/\/castelldeconcabella.cat\/es\/wp-json\/wp\/v2\/media?parent=4000"}],"wp:term":[{"taxonomy":"category","embeddable":true,"href":"https:\/\/castelldeconcabella.cat\/es\/wp-json\/wp\/v2\/categories?post=4000"},{"taxonomy":"post_tag","embeddable":true,"href":"https:\/\/castelldeconcabella.cat\/es\/wp-json\/wp\/v2\/tags?post=4000"}],"curies":[{"name":"wp","href":"https:\/\/api.w.org\/{rel}","templated":true}]}}