{"id":4019,"date":"2023-09-12T22:04:01","date_gmt":"2023-09-12T21:04:01","guid":{"rendered":"https:\/\/castelldeconcabella.cat\/12-9-2023-la-asociacion-amics-del-castell-presenta-el-programa-de-la-temporada-2023-2024\/"},"modified":"2023-10-03T22:46:11","modified_gmt":"2023-10-03T21:46:11","slug":"12-9-2023-la-asociacion-amics-del-castell-presenta-el-programa-de-la-temporada-2023-2024","status":"publish","type":"post","link":"https:\/\/castelldeconcabella.cat\/es\/12-9-2023-la-asociacion-amics-del-castell-presenta-el-programa-de-la-temporada-2023-2024\/","title":{"rendered":"12\/9\/2023 La asociaci\u00f3n Amics del Castell presenta el programa de la temporada 2023-2024"},"content":{"rendered":"<p>[et_pb_section fb_built=&#8221;1&#8243; fullwidth=&#8221;on&#8221; admin_label=&#8221;CAT-Actividades-t\u00edtulo&#8221; _builder_version=&#8221;4.16&#8243; custom_margin=&#8221;|||&#8221; saved_tabs=&#8221;all&#8221; global_colors_info=&#8221;{}&#8221;][et_pb_fullwidth_header title=&#8221;12\/9\/2023 La asociaci\u00f3n Amics del Castell presenta el programa de la temporada 2023-2024&#8243; admin_label=&#8221;CAT-Actividades-t\u00edtulo&#8221; _builder_version=&#8221;4.21.0&#8243; title_text_color=&#8221;#e86434&#8243; background_color=&#8221;#ede9db&#8221; custom_padding=&#8221;20px||20px&#8221; custom_padding_tablet=&#8221;0px||0px&#8221; custom_padding_phone=&#8221;&#8221; custom_padding_last_edited=&#8221;on|desktop&#8221; title_font_size_tablet=&#8221;24px&#8221; title_font_size_phone=&#8221;&#8221; title_font_size_last_edited=&#8221;on|desktop&#8221; z_index_tablet=&#8221;500&#8243; title_text_shadow_horizontal_length_tablet=&#8221;0px&#8221; title_text_shadow_vertical_length_tablet=&#8221;0px&#8221; title_text_shadow_blur_strength_tablet=&#8221;1px&#8221; content_text_shadow_horizontal_length_tablet=&#8221;0px&#8221; content_text_shadow_vertical_length_tablet=&#8221;0px&#8221; content_text_shadow_blur_strength_tablet=&#8221;1px&#8221; subhead_text_shadow_horizontal_length_tablet=&#8221;0px&#8221; subhead_text_shadow_vertical_length_tablet=&#8221;0px&#8221; subhead_text_shadow_blur_strength_tablet=&#8221;1px&#8221; content_link_text_shadow_horizontal_length_tablet=&#8221;0px&#8221; content_link_text_shadow_vertical_length_tablet=&#8221;0px&#8221; content_link_text_shadow_blur_strength_tablet=&#8221;1px&#8221; content_ul_text_shadow_horizontal_length_tablet=&#8221;0px&#8221; content_ul_text_shadow_vertical_length_tablet=&#8221;0px&#8221; content_ul_text_shadow_blur_strength_tablet=&#8221;1px&#8221; content_ol_text_shadow_horizontal_length_tablet=&#8221;0px&#8221; content_ol_text_shadow_vertical_length_tablet=&#8221;0px&#8221; content_ol_text_shadow_blur_strength_tablet=&#8221;1px&#8221; content_quote_text_shadow_horizontal_length_tablet=&#8221;0px&#8221; content_quote_text_shadow_vertical_length_tablet=&#8221;0px&#8221; content_quote_text_shadow_blur_strength_tablet=&#8221;1px&#8221; button_one_text_shadow_horizontal_length_tablet=&#8221;0px&#8221; button_one_text_shadow_vertical_length_tablet=&#8221;0px&#8221; button_one_text_shadow_blur_strength_tablet=&#8221;1px&#8221; button_two_text_shadow_horizontal_length_tablet=&#8221;0px&#8221; button_two_text_shadow_vertical_length_tablet=&#8221;0px&#8221; button_two_text_shadow_blur_strength_tablet=&#8221;1px&#8221; box_shadow_horizontal_tablet=&#8221;0px&#8221; box_shadow_vertical_tablet=&#8221;0px&#8221; box_shadow_blur_tablet=&#8221;40px&#8221; box_shadow_spread_tablet=&#8221;0px&#8221; box_shadow_horizontal_image_tablet=&#8221;0px&#8221; box_shadow_vertical_image_tablet=&#8221;0px&#8221; box_shadow_blur_image_tablet=&#8221;40px&#8221; box_shadow_spread_image_tablet=&#8221;0px&#8221; box_shadow_horizontal_button_one_tablet=&#8221;0px&#8221; box_shadow_vertical_button_one_tablet=&#8221;0px&#8221; box_shadow_blur_button_one_tablet=&#8221;40px&#8221; box_shadow_spread_button_one_tablet=&#8221;0px&#8221; box_shadow_horizontal_button_two_tablet=&#8221;0px&#8221; box_shadow_vertical_button_two_tablet=&#8221;0px&#8221; box_shadow_blur_button_two_tablet=&#8221;40px&#8221; box_shadow_spread_button_two_tablet=&#8221;0px&#8221; text_shadow_horizontal_length_tablet=&#8221;0px&#8221; text_shadow_vertical_length_tablet=&#8221;0px&#8221; text_shadow_blur_strength_tablet=&#8221;1px&#8221; saved_tabs=&#8221;all&#8221; locked=&#8221;off&#8221; global_colors_info=&#8221;{}&#8221;][\/et_pb_fullwidth_header][\/et_pb_section][et_pb_section fb_built=&#8221;1&#8243; _builder_version=&#8221;4.16&#8243; global_colors_info=&#8221;{}&#8221;][et_pb_row column_structure=&#8221;1_2,1_2&#8243; _builder_version=&#8221;4.16&#8243; locked=&#8221;off&#8221; global_colors_info=&#8221;{}&#8221;][et_pb_column type=&#8221;1_2&#8243; _builder_version=&#8221;4.16&#8243; custom_padding=&#8221;|||&#8221; global_colors_info=&#8221;{}&#8221; custom_padding__hover=&#8221;|||&#8221;][et_pb_image src=&#8221;https:\/\/castelldeconcabella.cat\/wp-content\/uploads\/2023\/09\/IX-TEMPORADA-2023-2024-AC-AMICS-CASTELL-CONCABELLA.jpg&#8221; alt=&#8221;cartell&#8221; title_text=&#8221;IX TEMPORADA 2023-2024 AC AMICS CASTELL CONCABELLA&#8221; align_tablet=&#8221;center&#8221; align_phone=&#8221;&#8221; align_last_edited=&#8221;on|desktop&#8221; _builder_version=&#8221;4.21.0&#8243; z_index_tablet=&#8221;500&#8243; box_shadow_horizontal_tablet=&#8221;0px&#8221; box_shadow_vertical_tablet=&#8221;0px&#8221; box_shadow_blur_tablet=&#8221;40px&#8221; box_shadow_spread_tablet=&#8221;0px&#8221; global_colors_info=&#8221;{}&#8221;][\/et_pb_image][\/et_pb_column][et_pb_column type=&#8221;1_2&#8243; _builder_version=&#8221;4.16&#8243; background_color=&#8221;rgba(237,233,219,0.5)&#8221; custom_padding=&#8221;20px|20px|20px|20px&#8221; global_colors_info=&#8221;{}&#8221; custom_padding__hover=&#8221;|||&#8221;][et_pb_text admin_label=&#8221;CAT-Actividades-texto&#8221; _builder_version=&#8221;4.21.0&#8243; z_index_tablet=&#8221;500&#8243; text_text_shadow_horizontal_length_tablet=&#8221;0px&#8221; text_text_shadow_vertical_length_tablet=&#8221;0px&#8221; text_text_shadow_blur_strength_tablet=&#8221;1px&#8221; link_text_shadow_horizontal_length_tablet=&#8221;0px&#8221; link_text_shadow_vertical_length_tablet=&#8221;0px&#8221; link_text_shadow_blur_strength_tablet=&#8221;1px&#8221; ul_text_shadow_horizontal_length_tablet=&#8221;0px&#8221; ul_text_shadow_vertical_length_tablet=&#8221;0px&#8221; ul_text_shadow_blur_strength_tablet=&#8221;1px&#8221; ol_text_shadow_horizontal_length_tablet=&#8221;0px&#8221; ol_text_shadow_vertical_length_tablet=&#8221;0px&#8221; ol_text_shadow_blur_strength_tablet=&#8221;1px&#8221; quote_text_shadow_horizontal_length_tablet=&#8221;0px&#8221; quote_text_shadow_vertical_length_tablet=&#8221;0px&#8221; quote_text_shadow_blur_strength_tablet=&#8221;1px&#8221; header_text_shadow_horizontal_length_tablet=&#8221;0px&#8221; header_text_shadow_vertical_length_tablet=&#8221;0px&#8221; header_text_shadow_blur_strength_tablet=&#8221;1px&#8221; header_2_text_shadow_horizontal_length_tablet=&#8221;0px&#8221; header_2_text_shadow_vertical_length_tablet=&#8221;0px&#8221; header_2_text_shadow_blur_strength_tablet=&#8221;1px&#8221; header_3_text_shadow_horizontal_length_tablet=&#8221;0px&#8221; header_3_text_shadow_vertical_length_tablet=&#8221;0px&#8221; header_3_text_shadow_blur_strength_tablet=&#8221;1px&#8221; header_4_text_shadow_horizontal_length_tablet=&#8221;0px&#8221; header_4_text_shadow_vertical_length_tablet=&#8221;0px&#8221; header_4_text_shadow_blur_strength_tablet=&#8221;1px&#8221; header_5_text_shadow_horizontal_length_tablet=&#8221;0px&#8221; header_5_text_shadow_vertical_length_tablet=&#8221;0px&#8221; header_5_text_shadow_blur_strength_tablet=&#8221;1px&#8221; header_6_text_shadow_horizontal_length_tablet=&#8221;0px&#8221; header_6_text_shadow_vertical_length_tablet=&#8221;0px&#8221; header_6_text_shadow_blur_strength_tablet=&#8221;1px&#8221; box_shadow_horizontal_tablet=&#8221;0px&#8221; box_shadow_vertical_tablet=&#8221;0px&#8221; box_shadow_blur_tablet=&#8221;40px&#8221; box_shadow_spread_tablet=&#8221;0px&#8221; saved_tabs=&#8221;all&#8221; global_colors_info=&#8221;{}&#8221;]<\/p>\n<p>La asociaci\u00f3n cultural Amics del Castell de Concabella lleva grandes nombres de la escena art\u00edstica catalana e internacional al escenario del castillo este curso 2023-2024.<\/p>\n<p>Este a\u00f1o se llega a la mayor\u00eda de edad del Festival de M\u00fasica y para conmemorar la efem\u00e9ride presentan un cartel de lujo. El primer concierto, el d\u00eda 7 de octubre, ir\u00e1 a cargo de la formaci\u00f3n Sikarra Consort, integrada por Enric Ribalta (flauta), Encarna Monz\u00f3 (oboe), Joan Espina (viol\u00edn), Ramon Aragall (fagot) y Eva del Campo (clave), que interpretar\u00e1 obras maestras del barroco. El 21 de octubre, el gran pianista Josep Maria Colom ofrecer\u00e1 un recital de m\u00fasica catalana y espa\u00f1ola. Y el tercer concierto correr\u00e1 a cargo del Tr\u00edo Zukerman. Pinchas Zukerman es un reconocido violinista y director de orquesta israel\u00ed. Con m\u00e1s de 100 \u00e1lbumes, dos premios Grammy\u00ae y 21 nominaciones, ha sido un fen\u00f3meno del mundo de la m\u00fasica durante m\u00e1s de cuatro d\u00e9cadas. Ha recibido la Medalla Nacional de las Artes del presidente Ronald Reagan y el premio Isaac Stern a la excelencia art\u00edstica en m\u00fasica cl\u00e1sica. Este concierto, sin embargo, y de forma excepcional, se celebrar\u00e1 el 7 de abril y no en octubre como ser\u00eda de esperar.<\/p>\n<p>Por lo que respecta a la s\u00e9ptima edici\u00f3n del JazzConcabella, tambi\u00e9n ofrecen una programaci\u00f3n muy remarcable. Levantar\u00e1n el tel\u00f3n del festival, el 13 de enero, Carme Canela y Rai Paz Trio. El 3 de febrero, el saxofonista neoyorquino Chris Cheek actuar\u00e1 en formato quinteto y con el bater\u00eda Jordi Rossy, un habitual del JazzConcabella. Presentar\u00e1n el \u00e1lbum <em>Saturday Songs<\/em>. Y el cuarteto del trompetista Raynald Colom cerrar\u00e1 el festival el s\u00e1bado 16 de marzo.<\/p>\n<p>Este a\u00f1o, tambi\u00e9n habr\u00e1 presentaciones de libros. El d\u00eda 11 de noviembre, el pianista y compositor Antoni Tolmos hablar\u00e1 de su obra <em>Tu mejor escenario<\/em>, que ofrece 12 claves para actuar de forma efectiva en p\u00fablico y en la vida. Tolmos amenizar\u00e1 la velada, conducida por Lana<span lang=\"CA\">\u00a0Kova<\/span><span lang=\"CA\">\u010devi\u0107, con intervenciones musicales al piano.<\/span>\u00a0Y el 16 de diciembre, la editorial Fragmenta presentar\u00e1 tres t\u00edtulos: <em>El primer manament<\/em>, de Jordi Graupera, <em>No dir\u00e0s el nom de D\u00e9u en va<\/em>, de Ignasi Moreta, y <em>Santificar\u00e0s les festes<\/em>, de Maria Gargant\u00e9. El acto ser\u00e1 moderado por la periodista y escritora Anna Punsoda, que dar\u00e1 a conocer esta nueva colecci\u00f3n de la editorial sobre los 10 mandamientos.<\/p>\n<p>Como novedad en las actividades de los Amics del Castell, esta temporada habr\u00e1 un espect\u00e1culo de flamenco, que ir\u00e1 a cargo de la compa\u00f1\u00eda leridana Por Tacones y tendr\u00e1 lugar el 27 de abril.<\/p>\n<p>El punto final lo pondr\u00e1, el d\u00eda 11 de mayo, el espect\u00e1culo de poes\u00eda dramatizada <em>Instants previs<\/em>, a cargo de los actores Marta Tricuera y Josep Sobrevals.<\/p>\n<p>En definitiva, una programaci\u00f3n que llevar\u00e1 una decena de propuestas variadas, del m\u00e1s alto nivel y para todos los p\u00fablicos al escenario del Castell de Concabella.<\/p>\n<div id=\"gtx-trans\" style=\"position: absolute; left: 249px; top: 55.5938px;\">\n<div class=\"gtx-trans-icon\">\u00a0<\/div>\n<\/div>\n<p>[\/et_pb_text][et_pb_code admin_label=&#8221;Bot\u00f3n Tornar&#8221; _builder_version=&#8221;4.16&#8243; saved_tabs=&#8221;all&#8221; global_colors_info=&#8221;{}&#8221;]<pee><button>\u00ab Tornar<\/button><\/pee>\n<!-- [et_pb_line_break_holder] -->\n<pee><script><!-- [et_pb_line_break_holder] -->function goBack() {<!-- [et_pb_line_break_holder] --> window.history.back();<!-- [et_pb_line_break_holder] -->}<!-- [et_pb_line_break_holder] --><\/script><\/pee>[\/et_pb_code][\/et_pb_column][\/et_pb_row][\/et_pb_section][et_pb_section fb_built=&#8221;1&#8243; admin_label=&#8221;CAT-Actividades-secci\u00f3n&#8221; _builder_version=&#8221;4.16&#8243; custom_margin=&#8221;0px||&#8221; custom_padding=&#8221;0px||&#8221; saved_tabs=&#8221;all&#8221; global_colors_info=&#8221;{}&#8221;][et_pb_row _builder_version=&#8221;4.16&#8243; global_colors_info=&#8221;{}&#8221;][et_pb_column type=&#8221;4_4&#8243; _builder_version=&#8221;4.16&#8243; custom_padding=&#8221;|||&#8221; global_colors_info=&#8221;{}&#8221; custom_padding__hover=&#8221;|||&#8221;][et_pb_text _builder_version=&#8221;4.16&#8243; text_font=&#8221;Montserrat|700|||||||&#8221; text_text_color=&#8221;#62938f&#8221; text_font_size=&#8221;24px&#8221; global_colors_info=&#8221;{}&#8221;]<\/p>\n<p>Not\u00edcies<\/p>\n<p>[\/et_pb_text][et_pb_divider _builder_version=&#8221;4.16&#8243; global_colors_info=&#8221;{}&#8221;][\/et_pb_divider][\/et_pb_column][\/et_pb_row][et_pb_row _builder_version=&#8221;4.16&#8243; global_colors_info=&#8221;{}&#8221;][et_pb_column type=&#8221;4_4&#8243; _builder_version=&#8221;4.16&#8243; custom_padding=&#8221;|||&#8221; global_colors_info=&#8221;{}&#8221; custom_padding__hover=&#8221;|||&#8221;]<\/p>\n<p>[et_pb_blog fullwidth=&#8221;off&#8221; posts_number=&#8221;3&#8243; include_categories=&#8221;16&#8243; show_author=&#8221;off&#8221; show_date=&#8221;off&#8221; show_categories=&#8221;off&#8221; show_pagination=&#8221;off&#8221; _builder_version=&#8221;4.16&#8243; global_colors_info=&#8221;{}&#8221;][\/et_pb_blog]<\/p>\n<p>[\/et_pb_column][\/et_pb_row][\/et_pb_section][et_pb_section fb_built=&#8221;1&#8243; prev_background_color=&#8221;#ffffff&#8221; admin_label=&#8221;CAT-CTA-secci\u00f3n&#8221; _builder_version=&#8221;4.16&#8243; background_color=&#8221;#e86434&#8243; top_divider_style=&#8221;wave2&#8243; saved_tabs=&#8221;all&#8221; global_colors_info=&#8221;{}&#8221;][et_pb_row _builder_version=&#8221;4.16&#8243; custom_padding=&#8221;20px|||&#8221; global_colors_info=&#8221;{}&#8221;][et_pb_column type=&#8221;4_4&#8243; _builder_version=&#8221;4.16&#8243; custom_padding=&#8221;20px|||&#8221; global_colors_info=&#8221;{}&#8221; custom_padding__hover=&#8221;|||&#8221;][et_pb_cta title=&#8221;Castell de Concabella&#8221; button_url=&#8221;https:\/\/castelldeconcabella.cat\/es\/contacto\/&#8221; button_text=&#8221;\u00a1Reserva una visita!&#8221; _builder_version=&#8221;4.16&#8243; header_font_size=&#8221;32&#8243; body_font_size=&#8221;16&#8243; use_background_color=&#8221;off&#8221; custom_button=&#8221;on&#8221; button_icon=&#8221;&#xe052;||divi||400&#8243; button_on_hover=&#8221;off&#8221; link_option_url=&#8221;https:\/\/castelldeconcabella.cat\/es\/contacto\/&#8221; global_colors_info=&#8221;{}&#8221;]<\/p>\n<p>una porta per descobrir la Segarra<\/p>\n<p>[\/et_pb_cta][\/et_pb_column][\/et_pb_row][\/et_pb_section]<\/p>\n","protected":false},"excerpt":{"rendered":"<p>La asociaci\u00f3n cultural Amics del Castell de Concabella lleva grandes nombres de la escena art\u00edstica catalana e internacional al escenario del castillo este curso 2023-2024. Este a\u00f1o se llega a la mayor\u00eda de edad del Festival de M\u00fasica y para conmemorar la efem\u00e9ride presentan un cartel de lujo. El primer concierto, el d\u00eda 7 de [&hellip;]<\/p>\n","protected":false},"author":4,"featured_media":4014,"comment_status":"closed","ping_status":"closed","sticky":false,"template":"","format":"standard","meta":{"_et_pb_use_builder":"on","_et_pb_old_content":"","_et_gb_content_width":"","footnotes":""},"categories":[26],"tags":[],"_links":{"self":[{"href":"https:\/\/castelldeconcabella.cat\/es\/wp-json\/wp\/v2\/posts\/4019"}],"collection":[{"href":"https:\/\/castelldeconcabella.cat\/es\/wp-json\/wp\/v2\/posts"}],"about":[{"href":"https:\/\/castelldeconcabella.cat\/es\/wp-json\/wp\/v2\/types\/post"}],"author":[{"embeddable":true,"href":"https:\/\/castelldeconcabella.cat\/es\/wp-json\/wp\/v2\/users\/4"}],"replies":[{"embeddable":true,"href":"https:\/\/castelldeconcabella.cat\/es\/wp-json\/wp\/v2\/comments?post=4019"}],"version-history":[{"count":8,"href":"https:\/\/castelldeconcabella.cat\/es\/wp-json\/wp\/v2\/posts\/4019\/revisions"}],"predecessor-version":[{"id":4059,"href":"https:\/\/castelldeconcabella.cat\/es\/wp-json\/wp\/v2\/posts\/4019\/revisions\/4059"}],"wp:featuredmedia":[{"embeddable":true,"href":"https:\/\/castelldeconcabella.cat\/es\/wp-json\/wp\/v2\/media\/4014"}],"wp:attachment":[{"href":"https:\/\/castelldeconcabella.cat\/es\/wp-json\/wp\/v2\/media?parent=4019"}],"wp:term":[{"taxonomy":"category","embeddable":true,"href":"https:\/\/castelldeconcabella.cat\/es\/wp-json\/wp\/v2\/categories?post=4019"},{"taxonomy":"post_tag","embeddable":true,"href":"https:\/\/castelldeconcabella.cat\/es\/wp-json\/wp\/v2\/tags?post=4019"}],"curies":[{"name":"wp","href":"https:\/\/api.w.org\/{rel}","templated":true}]}}