{"id":4955,"date":"2026-03-03T22:04:07","date_gmt":"2026-03-03T21:04:07","guid":{"rendered":"https:\/\/castelldeconcabella.cat\/2-3-2026-el-7lletres-passa-a-dir-se-7lletres-premi-manuel-de-pedrolo-de-narrativa-breu\/"},"modified":"2026-03-03T22:04:08","modified_gmt":"2026-03-03T21:04:08","slug":"2-3-2026-el-7lletres-passa-a-dir-se-7lletres-premi-manuel-de-pedrolo-de-narrativa-breu","status":"publish","type":"post","link":"https:\/\/castelldeconcabella.cat\/es\/2-3-2026-el-7lletres-passa-a-dir-se-7lletres-premi-manuel-de-pedrolo-de-narrativa-breu\/","title":{"rendered":"2\/3\/2026 El 7lletres passa a dir-se 7lletres. Premi Manuel de Pedrolo de Narrativa Breu"},"content":{"rendered":"<p>[et_pb_section fb_built=&#8221;1&#8243; fullwidth=&#8221;on&#8221; admin_label=&#8221;CAT-Actividades-t\u00edtulo&#8221; _builder_version=&#8221;4.16&#8243; custom_margin=&#8221;|||&#8221; saved_tabs=&#8221;all&#8221; global_colors_info=&#8221;{}&#8221;][et_pb_fullwidth_header title=&#8221;2\/3\/2026 El 7lletres passa a dir-se 7lletres. Premi Manuel de Pedrolo de Narrativa Breu&#8221; admin_label=&#8221;CAT-Actividades-t\u00edtulo&#8221; _builder_version=&#8221;4.25.0&#8243; title_text_color=&#8221;#e86434&#8243; background_color=&#8221;#ede9db&#8221; custom_padding=&#8221;20px||20px&#8221; custom_padding_tablet=&#8221;0px||0px&#8221; custom_padding_phone=&#8221;&#8221; custom_padding_last_edited=&#8221;on|desktop&#8221; hover_enabled=&#8221;0&#8243; title_font_size_tablet=&#8221;24px&#8221; title_font_size_phone=&#8221;&#8221; title_font_size_last_edited=&#8221;on|desktop&#8221; z_index_tablet=&#8221;500&#8243; title_text_shadow_horizontal_length_tablet=&#8221;0px&#8221; title_text_shadow_vertical_length_tablet=&#8221;0px&#8221; title_text_shadow_blur_strength_tablet=&#8221;1px&#8221; content_text_shadow_horizontal_length_tablet=&#8221;0px&#8221; content_text_shadow_vertical_length_tablet=&#8221;0px&#8221; content_text_shadow_blur_strength_tablet=&#8221;1px&#8221; subhead_text_shadow_horizontal_length_tablet=&#8221;0px&#8221; subhead_text_shadow_vertical_length_tablet=&#8221;0px&#8221; subhead_text_shadow_blur_strength_tablet=&#8221;1px&#8221; content_link_text_shadow_horizontal_length_tablet=&#8221;0px&#8221; content_link_text_shadow_vertical_length_tablet=&#8221;0px&#8221; content_link_text_shadow_blur_strength_tablet=&#8221;1px&#8221; content_ul_text_shadow_horizontal_length_tablet=&#8221;0px&#8221; content_ul_text_shadow_vertical_length_tablet=&#8221;0px&#8221; content_ul_text_shadow_blur_strength_tablet=&#8221;1px&#8221; content_ol_text_shadow_horizontal_length_tablet=&#8221;0px&#8221; content_ol_text_shadow_vertical_length_tablet=&#8221;0px&#8221; content_ol_text_shadow_blur_strength_tablet=&#8221;1px&#8221; content_quote_text_shadow_horizontal_length_tablet=&#8221;0px&#8221; content_quote_text_shadow_vertical_length_tablet=&#8221;0px&#8221; content_quote_text_shadow_blur_strength_tablet=&#8221;1px&#8221; button_one_text_shadow_horizontal_length_tablet=&#8221;0px&#8221; button_one_text_shadow_vertical_length_tablet=&#8221;0px&#8221; button_one_text_shadow_blur_strength_tablet=&#8221;1px&#8221; button_two_text_shadow_horizontal_length_tablet=&#8221;0px&#8221; button_two_text_shadow_vertical_length_tablet=&#8221;0px&#8221; button_two_text_shadow_blur_strength_tablet=&#8221;1px&#8221; box_shadow_horizontal_tablet=&#8221;0px&#8221; box_shadow_vertical_tablet=&#8221;0px&#8221; box_shadow_blur_tablet=&#8221;40px&#8221; box_shadow_spread_tablet=&#8221;0px&#8221; box_shadow_horizontal_image_tablet=&#8221;0px&#8221; box_shadow_vertical_image_tablet=&#8221;0px&#8221; box_shadow_blur_image_tablet=&#8221;40px&#8221; box_shadow_spread_image_tablet=&#8221;0px&#8221; box_shadow_horizontal_button_one_tablet=&#8221;0px&#8221; box_shadow_vertical_button_one_tablet=&#8221;0px&#8221; box_shadow_blur_button_one_tablet=&#8221;40px&#8221; box_shadow_spread_button_one_tablet=&#8221;0px&#8221; box_shadow_horizontal_button_two_tablet=&#8221;0px&#8221; box_shadow_vertical_button_two_tablet=&#8221;0px&#8221; box_shadow_blur_button_two_tablet=&#8221;40px&#8221; box_shadow_spread_button_two_tablet=&#8221;0px&#8221; text_shadow_horizontal_length_tablet=&#8221;0px&#8221; text_shadow_vertical_length_tablet=&#8221;0px&#8221; text_shadow_blur_strength_tablet=&#8221;1px&#8221; saved_tabs=&#8221;all&#8221; locked=&#8221;off&#8221; global_colors_info=&#8221;{}&#8221; sticky_enabled=&#8221;0&#8243;][\/et_pb_fullwidth_header][\/et_pb_section][et_pb_section fb_built=&#8221;1&#8243; _builder_version=&#8221;4.16&#8243; global_colors_info=&#8221;{}&#8221;][et_pb_row column_structure=&#8221;1_2,1_2&#8243; _builder_version=&#8221;4.16&#8243; locked=&#8221;off&#8221; global_colors_info=&#8221;{}&#8221;][et_pb_column type=&#8221;1_2&#8243; _builder_version=&#8221;4.16&#8243; custom_padding=&#8221;|||&#8221; global_colors_info=&#8221;{}&#8221; custom_padding__hover=&#8221;|||&#8221;][et_pb_image src=&#8221;https:\/\/castelldeconcabella.cat\/wp-content\/uploads\/2026\/03\/Signatura-conveni.jpg&#8221; alt=&#8221;Signatura conveni&#8221; title_text=&#8221;Signatura conveni&#8221; align_tablet=&#8221;center&#8221; align_phone=&#8221;&#8221; align_last_edited=&#8221;on|desktop&#8221; _builder_version=&#8221;4.25.0&#8243; z_index_tablet=&#8221;500&#8243; box_shadow_horizontal_tablet=&#8221;0px&#8221; box_shadow_vertical_tablet=&#8221;0px&#8221; box_shadow_blur_tablet=&#8221;40px&#8221; box_shadow_spread_tablet=&#8221;0px&#8221; global_colors_info=&#8221;{}&#8221;][\/et_pb_image][\/et_pb_column][et_pb_column type=&#8221;1_2&#8243; _builder_version=&#8221;4.16&#8243; background_color=&#8221;rgba(237,233,219,0.5)&#8221; custom_padding=&#8221;20px|20px|20px|20px&#8221; global_colors_info=&#8221;{}&#8221; custom_padding__hover=&#8221;|||&#8221;][et_pb_text admin_label=&#8221;CAT-Actividades-texto&#8221; _builder_version=&#8221;4.25.0&#8243; z_index_tablet=&#8221;500&#8243; text_text_shadow_horizontal_length_tablet=&#8221;0px&#8221; text_text_shadow_vertical_length_tablet=&#8221;0px&#8221; text_text_shadow_blur_strength_tablet=&#8221;1px&#8221; link_text_shadow_horizontal_length_tablet=&#8221;0px&#8221; link_text_shadow_vertical_length_tablet=&#8221;0px&#8221; link_text_shadow_blur_strength_tablet=&#8221;1px&#8221; ul_text_shadow_horizontal_length_tablet=&#8221;0px&#8221; ul_text_shadow_vertical_length_tablet=&#8221;0px&#8221; ul_text_shadow_blur_strength_tablet=&#8221;1px&#8221; ol_text_shadow_horizontal_length_tablet=&#8221;0px&#8221; ol_text_shadow_vertical_length_tablet=&#8221;0px&#8221; ol_text_shadow_blur_strength_tablet=&#8221;1px&#8221; quote_text_shadow_horizontal_length_tablet=&#8221;0px&#8221; quote_text_shadow_vertical_length_tablet=&#8221;0px&#8221; quote_text_shadow_blur_strength_tablet=&#8221;1px&#8221; header_text_shadow_horizontal_length_tablet=&#8221;0px&#8221; header_text_shadow_vertical_length_tablet=&#8221;0px&#8221; header_text_shadow_blur_strength_tablet=&#8221;1px&#8221; header_2_text_shadow_horizontal_length_tablet=&#8221;0px&#8221; header_2_text_shadow_vertical_length_tablet=&#8221;0px&#8221; header_2_text_shadow_blur_strength_tablet=&#8221;1px&#8221; header_3_text_shadow_horizontal_length_tablet=&#8221;0px&#8221; header_3_text_shadow_vertical_length_tablet=&#8221;0px&#8221; header_3_text_shadow_blur_strength_tablet=&#8221;1px&#8221; header_4_text_shadow_horizontal_length_tablet=&#8221;0px&#8221; header_4_text_shadow_vertical_length_tablet=&#8221;0px&#8221; header_4_text_shadow_blur_strength_tablet=&#8221;1px&#8221; header_5_text_shadow_horizontal_length_tablet=&#8221;0px&#8221; header_5_text_shadow_vertical_length_tablet=&#8221;0px&#8221; header_5_text_shadow_blur_strength_tablet=&#8221;1px&#8221; header_6_text_shadow_horizontal_length_tablet=&#8221;0px&#8221; header_6_text_shadow_vertical_length_tablet=&#8221;0px&#8221; header_6_text_shadow_blur_strength_tablet=&#8221;1px&#8221; box_shadow_horizontal_tablet=&#8221;0px&#8221; box_shadow_vertical_tablet=&#8221;0px&#8221; box_shadow_blur_tablet=&#8221;40px&#8221; box_shadow_spread_tablet=&#8221;0px&#8221; saved_tabs=&#8221;all&#8221; global_colors_info=&#8221;{}&#8221;]<\/p>\n<p class=\"ql-align-justify\">El Castell de Concabella ha acollit la presentaci\u00f3 de la 21a edici\u00f3 del 7lletres. Premi Manuel de Pedrolo de Narrativa Breu, en un acte que ha evidenciat la consolidaci\u00f3 del projecte i la seva voluntat de projecci\u00f3 cultural i territorial.<\/p>\n<p class=\"ql-align-justify\">A la presentaci\u00f3 hi han assistit Ramon Aug\u00e9, president del Consell Comarcal de la Segarra; Jan Pom\u00e9s, paer en cap de Cervera; Xavier Pint\u00f3, alcalde dels Plans de Si\u00f3, i M. Alba Pijuan, alcaldessa de T\u00e0rrega, en representaci\u00f3 de les quatre institucions organitzadores. Durant l\u2019acte s\u2019ha formalitzat la renovaci\u00f3 del conveni de col\u00b7laboraci\u00f3 entre les institucions, que refermen aix\u00ed el comprom\u00eds compartit amb la promoci\u00f3 liter\u00e0ria i amb la continu\u00eftat d\u2019un projecte cultural que vertebra la Segarra i l\u2019Urgell.<\/p>\n<p class=\"ql-align-justify\">Una de les principals novetats d\u2019aquesta edici\u00f3 \u00e9s el canvi de denominaci\u00f3 del premi, que passa a dir-se 7lletres. Premi Manuel de Pedrolo de Narrativa Breu. Aquesta modificaci\u00f3 refor\u00e7a el vincle expl\u00edcit amb l\u2019escriptor Manuel de Pedrolo i vol dotar el guard\u00f3 d\u2019una major visibilitat i projecci\u00f3 dins el panorama literari catal\u00e0. El premi mant\u00e9 la seva ess\u00e8ncia: recon\u00e8ixer un recull de set relats in\u00e8dits en llengua catalana, amb una dotaci\u00f3 econ\u00f2mica de 7.000 euros i la publicaci\u00f3 de l\u2019obra guanyadora.<\/p>\n<p class=\"ql-align-justify\">En aquesta edici\u00f3 s\u2019han rebut 30 exemplars, una\u00a0xifra que confirma l\u2019inter\u00e8s que el premi continua generant entre els autors i autores de narrativa breu en catal\u00e0. Un cop finalitzat el termini de presentaci\u00f3, totes les obres s\u00f3n sotmeses a una primera lectura per part d\u2019un comit\u00e8 de lectura, que en fa una selecci\u00f3 pr\u00e8via. A partir d\u2019aquesta tria, el jurat \u2014format per personalitats de prestigi vinculades al m\u00f3n de la literatura catalana\u2014 analitza les obres seleccionades i escull el treball guanyador. Aquest sistema garanteix un proc\u00e9s rigor\u00f3s i una valoraci\u00f3 aprofundida dels originals presentats.<\/p>\n<p class=\"ql-align-justify\">El veredicte es far\u00e0 p\u00fablic el divendres 3 de juliol de 2026 a Cervera, en el transcurs d\u2019una vetllada liter\u00e0ria que s\u2019integrar\u00e0 dins els actes de commemoraci\u00f3 del mil\u00b7lenari de la ciutat. La celebraci\u00f3 del lliurament en aquest context refor\u00e7a la dimensi\u00f3 cultural de l\u2019efem\u00e8ride i consolida el vincle entre patrimoni, territori i creaci\u00f3 liter\u00e0ria contempor\u00e0nia.<\/p>\n<p class=\"ql-align-justify\"><strong>Un projecte cultural amb arrelament i traject\u00f2ria<\/strong><\/p>\n<p class=\"ql-align-justify\">El Premi 7lletres va n\u00e9ixer l\u2019any 2006 amb la voluntat de retre homenatge a Manuel de Pedrolo i, al mateix temps, impulsar la creaci\u00f3 liter\u00e0ria contempor\u00e0nia i convertir la Segarra i l\u2019Urgell en un espai de refer\u00e8ncia en el m\u00f3n de les lletres. Impulsat inicialment pel Consell Comarcal de la Segarra, la Paeria de Cervera i la Fundaci\u00f3 Manuel de Pedrolo, el projecte ha anat creixent i consolidant-se al llarg de dues d\u00e8cades.<\/p>\n<p class=\"ql-align-justify\">Des de la 17a edici\u00f3, l\u2019organitzaci\u00f3 \u00e9s compartida pel Consell Comarcal de la Segarra, la Paeria de Cervera, l\u2019Ajuntament dels Plans de Si\u00f3 i l\u2019Ajuntament de T\u00e0rrega, fruit de l\u2019inter\u00e8s com\u00fa per preservar i difondre el llegat pedroli\u00e0 i per refor\u00e7ar la cooperaci\u00f3 cultural entre institucions.<\/p>\n<p class=\"ql-align-justify\">La vinculaci\u00f3 amb Pedrolo \u00e9s un dels eixos fundacionals del projecte. L\u2019Arany\u00f3, al municipi dels Plans de Si\u00f3, \u00e9s el lloc de naixement de l\u2019escriptor; el Castell de Concabella acull des de 2014 l\u2019Espai Pedrolo amb una exposici\u00f3 permanent dedicada a la seva figura i obra; i T\u00e0rrega, ciutat on va residir durant bona part de la seva vida, impulsa iniciatives per divulgar el seu llegat. Aquest triangle territorial ha dotat el premi d\u2019una coher\u00e8ncia cultural i simb\u00f2lica que l\u2019ha distingit des dels seus inicis.<\/p>\n<p class=\"ql-align-justify\">El nom 7lletres, escollit per la coincid\u00e8ncia amb diverses paraules vinculades al projecte \u2014Pedrolo, Segarra, cultura, llengua, lectura o T\u00e0rrega\u2014, sintetitza la voluntat de fer de la literatura un eix vertebrador del territori. Amb la nova denominaci\u00f3, 7lletres. Premi Manuel de Pedrolo de Narrativa Breu, el guard\u00f3 consolida la seva identitat i afronta el futur amb la voluntat de continuar creixent en prestigi, participaci\u00f3 i projecci\u00f3 cultural.<\/p>\n<p class=\"ql-align-justify\">El projecte compta amb el suport de la Instituci\u00f3 de les Lletres Catalanes, l\u2019Institut d\u2019Estudis Ilerdencs de la Diputaci\u00f3 de Lleida i els Serveis Territorials de Cultura a Lleida, aix\u00ed com amb la col\u00b7laboraci\u00f3 de patrocinadors privats com Pag\u00e8s Editors, que assumeix la publicaci\u00f3 de l\u2019obra guanyadora, i Prefabricats Pujol, que contribueix a la dotaci\u00f3 econ\u00f2mica del premi. Aquest suport p\u00fablic i privat ha estat clau per garantir la continu\u00eftat i la qualitat del guard\u00f3 al llarg dels anys.<\/p>\n<p><strong>Guanyadors\/es del Premi 7lletres<\/strong><\/p>\n<p>2006 \u2013 Miquel de Palol, <em>El Lle\u00f3 de B\u00f6cklin<\/em><\/p>\n<p>2007 \u2013 Jaume Ferrer, <em>La llum dels orfes<\/em><\/p>\n<p>2008 \u2013 C\u00e8lia S\u00e0nchez-M\u00fcstich, <em>No. I S\u00ed<\/em><\/p>\n<p>2009 \u2013 Mireia Companys, <em>Ven\u00e8cies<\/em><\/p>\n<p>2010 \u2013 Miquel \u00c0ngel Vidal, <em>Jard\u00ed de gel<\/em><\/p>\n<p>2011 \u2013 Xavier Vidal, <em>Els elefants interiors<\/em><\/p>\n<p>2012 \u2013 Carles Hac Mor, <em>No eixuguis els plats<\/em><\/p>\n<p>2013 \u2013 Leandre Iborra, <em>Les mars perdudes<\/em><\/p>\n<p>2014 \u2013 Alfred Quintana, <em>Enmig de la mel\u00e9<\/em><\/p>\n<p>2015 \u2013 Xavier Ballester, <em>Porexpan i polaroids<\/em><\/p>\n<p>2016 \u2013 Teresa Saborit, <em>Els llops ja no viuen als boscos<\/em><\/p>\n<p>2017 \u2013 \u00d2scar Palaz\u00f3n, <em>Els complements del nom<\/em><\/p>\n<p>2018 \u2013 Francesc Duch, <em>Altres mares<\/em><\/p>\n<p>2019 \u2013 Susanna Batalla, <em>Els records perfectes<\/em><\/p>\n<p>2020 \u2013 Esther Enrich, <em>Pells<\/em><\/p>\n<p>2021 \u2013 Ramon Pardina, <em>El gran circ dom\u00e8stic<\/em><\/p>\n<p>2022 \u2013 Montse Milan, <em>Instants d\u2019intemp\u00e8rie<\/em><\/p>\n<p>2023 \u2013 Francesc Duch, <em>El futur que vol\u00edem<\/em><\/p>\n<p>2024 \u2013 Premi declarat desert<\/p>\n<p>2025 \u2013 Maria Giberga,<em> L\u2019estiu en qu\u00e8 la natura es va rebel\u00b7lar<\/em><\/p>\n<p>&nbsp;<\/p>\n<p>&nbsp;<\/p>\n<p>[\/et_pb_text][et_pb_code admin_label=&#8221;Bot\u00f3n Tornar&#8221; _builder_version=&#8221;4.16&#8243; saved_tabs=&#8221;all&#8221; global_colors_info=&#8221;{}&#8221;]<button onclick=\"goBack()\">\u00ab Tornar<\/button><!-- [et_pb_line_break_holder] --><script><!-- [et_pb_line_break_holder] -->function goBack() {<!-- [et_pb_line_break_holder] --> window.history.back();<!-- [et_pb_line_break_holder] -->}<!-- [et_pb_line_break_holder] --><\/script>[\/et_pb_code][\/et_pb_column][\/et_pb_row][\/et_pb_section][et_pb_section fb_built=&#8221;1&#8243; admin_label=&#8221;CAT-Actividades-secci\u00f3n&#8221; _builder_version=&#8221;4.16&#8243; custom_margin=&#8221;0px||&#8221; custom_padding=&#8221;0px||&#8221; saved_tabs=&#8221;all&#8221; global_colors_info=&#8221;{}&#8221;][et_pb_row _builder_version=&#8221;4.16&#8243; global_colors_info=&#8221;{}&#8221;][et_pb_column type=&#8221;4_4&#8243; _builder_version=&#8221;4.16&#8243; custom_padding=&#8221;|||&#8221; global_colors_info=&#8221;{}&#8221; custom_padding__hover=&#8221;|||&#8221;][et_pb_text _builder_version=&#8221;4.16&#8243; text_font=&#8221;Montserrat|700|||||||&#8221; text_text_color=&#8221;#62938f&#8221; text_font_size=&#8221;24px&#8221; global_colors_info=&#8221;{}&#8221;]<\/p>\n<p>Not\u00edcies<\/p>\n<p>[\/et_pb_text][et_pb_divider _builder_version=&#8221;4.16&#8243; global_colors_info=&#8221;{}&#8221;][\/et_pb_divider][\/et_pb_column][\/et_pb_row][et_pb_row _builder_version=&#8221;4.16&#8243; global_colors_info=&#8221;{}&#8221;][et_pb_column type=&#8221;4_4&#8243; _builder_version=&#8221;4.16&#8243; custom_padding=&#8221;|||&#8221; global_colors_info=&#8221;{}&#8221; custom_padding__hover=&#8221;|||&#8221;][et_pb_blog fullwidth=&#8221;off&#8221; posts_number=&#8221;3&#8243; include_categories=&#8221;16&#8243; show_author=&#8221;off&#8221; show_date=&#8221;off&#8221; show_categories=&#8221;off&#8221; show_pagination=&#8221;off&#8221; _builder_version=&#8221;4.16&#8243; global_colors_info=&#8221;{}&#8221;][\/et_pb_blog][\/et_pb_column][\/et_pb_row][\/et_pb_section][et_pb_section fb_built=&#8221;1&#8243; prev_background_color=&#8221;#ffffff&#8221; admin_label=&#8221;CAT-CTA-secci\u00f3n&#8221; _builder_version=&#8221;4.16&#8243; background_color=&#8221;#e86434&#8243; top_divider_style=&#8221;wave2&#8243; saved_tabs=&#8221;all&#8221; global_colors_info=&#8221;{}&#8221;][et_pb_row _builder_version=&#8221;4.16&#8243; custom_padding=&#8221;20px|||&#8221; global_colors_info=&#8221;{}&#8221;][et_pb_column type=&#8221;4_4&#8243; _builder_version=&#8221;4.16&#8243; custom_padding=&#8221;20px|||&#8221; global_colors_info=&#8221;{}&#8221; custom_padding__hover=&#8221;|||&#8221;][et_pb_cta title=&#8221;Castell de Concabella&#8221; button_url=&#8221;https:\/\/castelldeconcabella.cat\/es\/contacto\/&#8221; button_text=&#8221;\u00a1Reserva una visita!&#8221; _builder_version=&#8221;4.16&#8243; header_font_size=&#8221;32&#8243; body_font_size=&#8221;16&#8243; use_background_color=&#8221;off&#8221; custom_button=&#8221;on&#8221; button_icon=&#8221;&#xe052;||divi||400&#8243; button_on_hover=&#8221;off&#8221; link_option_url=&#8221;https:\/\/castelldeconcabella.cat\/es\/contacto\/&#8221; global_colors_info=&#8221;{}&#8221;]<\/p>\n<p>una porta per descobrir la Segarra<\/p>\n<p>[\/et_pb_cta][\/et_pb_column][\/et_pb_row][\/et_pb_section]<\/p>\n","protected":false},"excerpt":{"rendered":"<p>El Castell de Concabella ha acollit la presentaci\u00f3 de la 21a edici\u00f3 del 7lletres. Premi Manuel de Pedrolo de Narrativa Breu, en un acte que ha evidenciat la consolidaci\u00f3 del projecte i la seva voluntat de projecci\u00f3 cultural i territorial. A la presentaci\u00f3 hi han assistit Ramon Aug\u00e9, president del Consell Comarcal de la Segarra; [&hellip;]<\/p>\n","protected":false},"author":4,"featured_media":4950,"comment_status":"closed","ping_status":"closed","sticky":false,"template":"","format":"standard","meta":{"_et_pb_use_builder":"on","_et_pb_old_content":"","_et_gb_content_width":"","footnotes":""},"categories":[26,1],"tags":[],"_links":{"self":[{"href":"https:\/\/castelldeconcabella.cat\/es\/wp-json\/wp\/v2\/posts\/4955"}],"collection":[{"href":"https:\/\/castelldeconcabella.cat\/es\/wp-json\/wp\/v2\/posts"}],"about":[{"href":"https:\/\/castelldeconcabella.cat\/es\/wp-json\/wp\/v2\/types\/post"}],"author":[{"embeddable":true,"href":"https:\/\/castelldeconcabella.cat\/es\/wp-json\/wp\/v2\/users\/4"}],"replies":[{"embeddable":true,"href":"https:\/\/castelldeconcabella.cat\/es\/wp-json\/wp\/v2\/comments?post=4955"}],"version-history":[{"count":2,"href":"https:\/\/castelldeconcabella.cat\/es\/wp-json\/wp\/v2\/posts\/4955\/revisions"}],"predecessor-version":[{"id":4957,"href":"https:\/\/castelldeconcabella.cat\/es\/wp-json\/wp\/v2\/posts\/4955\/revisions\/4957"}],"wp:featuredmedia":[{"embeddable":true,"href":"https:\/\/castelldeconcabella.cat\/es\/wp-json\/wp\/v2\/media\/4950"}],"wp:attachment":[{"href":"https:\/\/castelldeconcabella.cat\/es\/wp-json\/wp\/v2\/media?parent=4955"}],"wp:term":[{"taxonomy":"category","embeddable":true,"href":"https:\/\/castelldeconcabella.cat\/es\/wp-json\/wp\/v2\/categories?post=4955"},{"taxonomy":"post_tag","embeddable":true,"href":"https:\/\/castelldeconcabella.cat\/es\/wp-json\/wp\/v2\/tags?post=4955"}],"curies":[{"name":"wp","href":"https:\/\/api.w.org\/{rel}","templated":true}]}}